{"id":7847,"date":"2025-03-24T19:30:00","date_gmt":"2025-03-25T00:30:00","guid":{"rendered":"http:\/\/hgona.gob.ec\/?p=7847"},"modified":"2026-02-03T10:29:26","modified_gmt":"2026-02-03T15:29:26","slug":"conoce-al-personaje-de-la-semana-del-hgona-4","status":"publish","type":"post","link":"http:\/\/hgona.gob.ec\/index.php\/2025\/03\/24\/conoce-al-personaje-de-la-semana-del-hgona-4\/","title":{"rendered":"Conoce al Personaje de la Semana del HGONA"},"content":{"rendered":"\n<p>Iv\u00e1n Garc\u00eda, con m\u00e1s de 8 a\u00f1os de servicio, es parte fundamental de la Unidad de Talento Humano del Hospital Gineco Obst\u00e9trico Pedi\u00e1trico de Nueva Aurora Luz Elena Arismendi, entre las funciones que realiza de forma diaria son: control asistencial, acciones de personal, liquidaciones, etc.<\/p>\n\n\n\n<p>Su labor, junto a sus compa\u00f1eros, es de alta importancia para nuestra casa de salud. Iv\u00e1n se caracteriza por su actitud positiva, siempre dispuesto a colaborar y generar un entorno de trabajo armonioso. Su esfuerzo y profesionalismo son una inspiraci\u00f3n para todos quienes compartimos labores.<\/p>\n\n\n\n<p>Cuando le preguntamos sobre los momentos m\u00e1s significativos su mensaje claro es escuchar, dirigir, ayudar y aprender de las experiencias del personal en cada turno.<\/p>\n\n\n\n<p>Agradecemos su compromiso y esfuerzo diario.<\/p>\n\n\n\n<p><a href=\"https:\/\/www.facebook.com\/hashtag\/hospitalconcoraz%C3%B3n?__eep__=6&amp;__cft__[0]=AZUdwYH9hDSQvZ77GuVBVAJZzWrlT1eE_M3L26CxNHzySRfVG7oJ00vwrsKJKeFCf_e5aoK0BMfmDSWL2gZSk0Qa5yKMZ-75hOZOQd0WqT3ZkvvD67vmTBPTKw6ThbLI9v8R2ouvFX0mdJUZfHeqrZmJRkGYXtmtJOfyccGXcJERcvBhnWAC_BdfFtVMiK9PznQ&amp;__tn__=*NK-R\">#HospitalConCoraz\u00f3n<\/a><\/p>\n\n\n\n<p><a href=\"https:\/\/www.facebook.com\/hashtag\/porunecuadorconsalud?__eep__=6&amp;__cft__[0]=AZUdwYH9hDSQvZ77GuVBVAJZzWrlT1eE_M3L26CxNHzySRfVG7oJ00vwrsKJKeFCf_e5aoK0BMfmDSWL2gZSk0Qa5yKMZ-75hOZOQd0WqT3ZkvvD67vmTBPTKw6ThbLI9v8R2ouvFX0mdJUZfHeqrZmJRkGYXtmtJOfyccGXcJERcvBhnWAC_BdfFtVMiK9PznQ&amp;__tn__=*NK-R\">#PorUnEcuadorConSalud<\/a><\/p>\n\n\n\n<p><a href=\"https:\/\/www.facebook.com\/hashtag\/mspenterritorio?__eep__=6&amp;__cft__[0]=AZUdwYH9hDSQvZ77GuVBVAJZzWrlT1eE_M3L26CxNHzySRfVG7oJ00vwrsKJKeFCf_e5aoK0BMfmDSWL2gZSk0Qa5yKMZ-75hOZOQd0WqT3ZkvvD67vmTBPTKw6ThbLI9v8R2ouvFX0mdJUZfHeqrZmJRkGYXtmtJOfyccGXcJERcvBhnWAC_BdfFtVMiK9PznQ&amp;__tn__=*NK-R\">#MSPEnTerritorio<\/a><\/p>\n\n\n\n<figure class=\"wp-block-image size-medium\"><img decoding=\"async\" loading=\"lazy\" width=\"300\" height=\"225\" src=\"http:\/\/hgona.gob.ec\/wp-content\/uploads\/2025\/03\/WhatsApp-Image-2025-03-24-at-3.49.24-PM-2-300x225.jpeg\" alt=\"\" class=\"wp-image-7849\" srcset=\"http:\/\/hgona.gob.ec\/wp-content\/uploads\/2025\/03\/WhatsApp-Image-2025-03-24-at-3.49.24-PM-2-300x225.jpeg 300w, http:\/\/hgona.gob.ec\/wp-content\/uploads\/2025\/03\/WhatsApp-Image-2025-03-24-at-3.49.24-PM-2-1024x768.jpeg 1024w, http:\/\/hgona.gob.ec\/wp-content\/uploads\/2025\/03\/WhatsApp-Image-2025-03-24-at-3.49.24-PM-2-768x576.jpeg 768w, http:\/\/hgona.gob.ec\/wp-content\/uploads\/2025\/03\/WhatsApp-Image-2025-03-24-at-3.49.24-PM-2.jpeg 1280w\" sizes=\"(max-width: 300px) 100vw, 300px\" \/><\/figure>\n\n\n\n<figure class=\"wp-block-gallery has-nested-images columns-default is-cropped wp-block-gallery-1 is-layout-flex\">\n<figure class=\"wp-block-image size-medium\"><img decoding=\"async\" loading=\"lazy\" width=\"300\" height=\"225\" data-id=\"7850\"  src=\"http:\/\/hgona.gob.ec\/wp-content\/uploads\/2025\/03\/WhatsApp-Image-2025-03-24-at-3.49.24-PM-1-300x225.jpeg\" alt=\"\" class=\"wp-image-7850\" srcset=\"http:\/\/hgona.gob.ec\/wp-content\/uploads\/2025\/03\/WhatsApp-Image-2025-03-24-at-3.49.24-PM-1-300x225.jpeg 300w, http:\/\/hgona.gob.ec\/wp-content\/uploads\/2025\/03\/WhatsApp-Image-2025-03-24-at-3.49.24-PM-1-1024x768.jpeg 1024w, http:\/\/hgona.gob.ec\/wp-content\/uploads\/2025\/03\/WhatsApp-Image-2025-03-24-at-3.49.24-PM-1-768x576.jpeg 768w, http:\/\/hgona.gob.ec\/wp-content\/uploads\/2025\/03\/WhatsApp-Image-2025-03-24-at-3.49.24-PM-1.jpeg 1280w\" sizes=\"(max-width: 300px) 100vw, 300px\" \/><\/figure>\n<\/figure>\n","protected":false},"excerpt":{"rendered":"<p>Iv\u00e1n Garc\u00eda, con m\u00e1s de 8 a\u00f1os de servicio, es parte fundamental de la Unidad de Talento Humano del Hospital<\/p>\n","protected":false},"author":1,"featured_media":7848,"comment_status":"closed","ping_status":"open","sticky":false,"template":"","format":"standard","meta":[],"categories":[7,3,2],"tags":[],"_links":{"self":[{"href":"http:\/\/hgona.gob.ec\/index.php\/wp-json\/wp\/v2\/posts\/7847"}],"collection":[{"href":"http:\/\/hgona.gob.ec\/index.php\/wp-json\/wp\/v2\/posts"}],"about":[{"href":"http:\/\/hgona.gob.ec\/index.php\/wp-json\/wp\/v2\/types\/post"}],"author":[{"embeddable":true,"href":"http:\/\/hgona.gob.ec\/index.php\/wp-json\/wp\/v2\/users\/1"}],"replies":[{"embeddable":true,"href":"http:\/\/hgona.gob.ec\/index.php\/wp-json\/wp\/v2\/comments?post=7847"}],"version-history":[{"count":1,"href":"http:\/\/hgona.gob.ec\/index.php\/wp-json\/wp\/v2\/posts\/7847\/revisions"}],"predecessor-version":[{"id":7851,"href":"http:\/\/hgona.gob.ec\/index.php\/wp-json\/wp\/v2\/posts\/7847\/revisions\/7851"}],"wp:featuredmedia":[{"embeddable":true,"href":"http:\/\/hgona.gob.ec\/index.php\/wp-json\/wp\/v2\/media\/7848"}],"wp:attachment":[{"href":"http:\/\/hgona.gob.ec\/index.php\/wp-json\/wp\/v2\/media?parent=7847"}],"wp:term":[{"taxonomy":"category","embeddable":true,"href":"http:\/\/hgona.gob.ec\/index.php\/wp-json\/wp\/v2\/categories?post=7847"},{"taxonomy":"post_tag","embeddable":true,"href":"http:\/\/hgona.gob.ec\/index.php\/wp-json\/wp\/v2\/tags?post=7847"}],"curies":[{"name":"wp","href":"https:\/\/api.w.org\/{rel}","templated":true}]}}