{"id":7393,"date":"2025-01-20T11:59:59","date_gmt":"2025-01-20T16:59:59","guid":{"rendered":"http:\/\/hgona.gob.ec\/?p=7393"},"modified":"2026-02-03T10:29:47","modified_gmt":"2026-02-03T15:29:47","slug":"personaje-de-la-semana-del-hgona","status":"publish","type":"post","link":"http:\/\/hgona.gob.ec\/index.php\/2025\/01\/20\/personaje-de-la-semana-del-hgona\/","title":{"rendered":"Personaje de la semana del HGONA"},"content":{"rendered":"\n<p>Dayana Grefa profesional de la salud mental, psic\u00f3loga infantil y psicorehabilitaci\u00f3n, forma parte del equipo de Servicio de Rehabilitaci\u00f3n y Terapia en Salud Mental brinda atenci\u00f3n temprana a ni\u00f1os y ni\u00f1as en la unidad de cuidados intensivos neonatol\u00f3gicos y en el servicio de Consulta Externa de forma individual y grupal, potenciando el desarrollo neuropsicomotriz incorporando herramientas m\u00fasico terap\u00e9uticas, sensoriales y l\u00fadicas innovadoras que permiten intervenir de <a><\/a>forma precoz en ni\u00f1os y ni\u00f1as con riesgo en el neurodesarrollo. Su principal fuente de est\u00edmulo es a trav\u00e9s del canto y el movimiento ayudando a sus padres o cuidadores a reconocer estrategias para afianzar el v\u00ednculo y potenciar un apego seguro. <img decoding=\"async\" loading=\"lazy\" height=\"16\" width=\"16\" alt=\"\ud83d\udc69\u200d\ud83d\udc67\" src=\"https:\/\/static.xx.fbcdn.net\/images\/emoji.php\/v9\/tf9\/1\/16\/1f469_200d_1f467.png\"><\/p>\n\n\n\n<p><img decoding=\"async\" loading=\"lazy\" height=\"16\" width=\"16\" alt=\"\ud83d\udc4f\" src=\"https:\/\/static.xx.fbcdn.net\/images\/emoji.php\/v9\/tfe\/1\/16\/1f44f.png\"> Reconocemos su labor y dedicaci\u00f3n en el desempe\u00f1o de sus funciones en pro de la salud de ni\u00f1os y ni\u00f1as del pa\u00eds.<\/p>\n\n\n\n<p><a href=\"https:\/\/www.facebook.com\/hashtag\/hospitalconcoraz%C3%B3n?__eep__=6&amp;__cft__[0]=AZVEZkB2TvuXmTAsZtYV8q9RySgAjoOI7ORy5vtbWq3hnpEUZI5prZbA5Vh-D8sDce05k2ycSacOdj2ypFei4DbFwjA_1vr8a34Pz7MQ_azzi-7Mfne3gIdofQQk7X7xOoGr2VURNH0ZXtHuuJOhotRy8Birpxusb8JKGYbMsMIrWspUF3ApXaOjp01JwbWPzMs&amp;__tn__=*NK-R\">#HospitalConCoraz\u00f3n<\/a><\/p>\n\n\n\n<figure class=\"wp-block-gallery has-nested-images columns-default is-cropped wp-block-gallery-1 is-layout-flex\">\n<figure class=\"wp-block-image size-large\"><img decoding=\"async\" loading=\"lazy\" width=\"1024\" height=\"768\" data-id=\"7394\"  src=\"http:\/\/hgona.gob.ec\/wp-content\/uploads\/2025\/01\/WhatsApp-Image-2025-01-20-at-9.13.57-AM-2-1024x768.jpeg\" alt=\"\" class=\"wp-image-7394\" srcset=\"http:\/\/hgona.gob.ec\/wp-content\/uploads\/2025\/01\/WhatsApp-Image-2025-01-20-at-9.13.57-AM-2-1024x768.jpeg 1024w, http:\/\/hgona.gob.ec\/wp-content\/uploads\/2025\/01\/WhatsApp-Image-2025-01-20-at-9.13.57-AM-2-300x225.jpeg 300w, http:\/\/hgona.gob.ec\/wp-content\/uploads\/2025\/01\/WhatsApp-Image-2025-01-20-at-9.13.57-AM-2-768x576.jpeg 768w, http:\/\/hgona.gob.ec\/wp-content\/uploads\/2025\/01\/WhatsApp-Image-2025-01-20-at-9.13.57-AM-2-1536x1152.jpeg 1536w, http:\/\/hgona.gob.ec\/wp-content\/uploads\/2025\/01\/WhatsApp-Image-2025-01-20-at-9.13.57-AM-2-2048x1536.jpeg 2048w\" sizes=\"(max-width: 1024px) 100vw, 1024px\" \/><\/figure>\n<\/figure>\n\n\n\n<figure class=\"wp-block-gallery has-nested-images columns-default is-cropped wp-block-gallery-3 is-layout-flex\">\n<figure class=\"wp-block-image size-large\"><img decoding=\"async\" loading=\"lazy\" width=\"1024\" height=\"768\" data-id=\"7396\"  src=\"http:\/\/hgona.gob.ec\/wp-content\/uploads\/2025\/01\/WhatsApp-Image-2025-01-20-at-9.13.57-AM-3-1024x768.jpeg\" alt=\"\" class=\"wp-image-7396\" srcset=\"http:\/\/hgona.gob.ec\/wp-content\/uploads\/2025\/01\/WhatsApp-Image-2025-01-20-at-9.13.57-AM-3-1024x768.jpeg 1024w, http:\/\/hgona.gob.ec\/wp-content\/uploads\/2025\/01\/WhatsApp-Image-2025-01-20-at-9.13.57-AM-3-300x225.jpeg 300w, http:\/\/hgona.gob.ec\/wp-content\/uploads\/2025\/01\/WhatsApp-Image-2025-01-20-at-9.13.57-AM-3-768x576.jpeg 768w, http:\/\/hgona.gob.ec\/wp-content\/uploads\/2025\/01\/WhatsApp-Image-2025-01-20-at-9.13.57-AM-3-1536x1152.jpeg 1536w, http:\/\/hgona.gob.ec\/wp-content\/uploads\/2025\/01\/WhatsApp-Image-2025-01-20-at-9.13.57-AM-3-2048x1536.jpeg 2048w\" sizes=\"(max-width: 1024px) 100vw, 1024px\" \/><\/figure>\n<\/figure>\n","protected":false},"excerpt":{"rendered":"<p>Dayana Grefa profesional de la salud mental, psic\u00f3loga infantil y psicorehabilitaci\u00f3n, forma parte del equipo de Servicio de Rehabilitaci\u00f3n y<\/p>\n","protected":false},"author":1,"featured_media":7397,"comment_status":"closed","ping_status":"open","sticky":false,"template":"","format":"standard","meta":[],"categories":[7,3,2],"tags":[],"_links":{"self":[{"href":"http:\/\/hgona.gob.ec\/index.php\/wp-json\/wp\/v2\/posts\/7393"}],"collection":[{"href":"http:\/\/hgona.gob.ec\/index.php\/wp-json\/wp\/v2\/posts"}],"about":[{"href":"http:\/\/hgona.gob.ec\/index.php\/wp-json\/wp\/v2\/types\/post"}],"author":[{"embeddable":true,"href":"http:\/\/hgona.gob.ec\/index.php\/wp-json\/wp\/v2\/users\/1"}],"replies":[{"embeddable":true,"href":"http:\/\/hgona.gob.ec\/index.php\/wp-json\/wp\/v2\/comments?post=7393"}],"version-history":[{"count":1,"href":"http:\/\/hgona.gob.ec\/index.php\/wp-json\/wp\/v2\/posts\/7393\/revisions"}],"predecessor-version":[{"id":7398,"href":"http:\/\/hgona.gob.ec\/index.php\/wp-json\/wp\/v2\/posts\/7393\/revisions\/7398"}],"wp:featuredmedia":[{"embeddable":true,"href":"http:\/\/hgona.gob.ec\/index.php\/wp-json\/wp\/v2\/media\/7397"}],"wp:attachment":[{"href":"http:\/\/hgona.gob.ec\/index.php\/wp-json\/wp\/v2\/media?parent=7393"}],"wp:term":[{"taxonomy":"category","embeddable":true,"href":"http:\/\/hgona.gob.ec\/index.php\/wp-json\/wp\/v2\/categories?post=7393"},{"taxonomy":"post_tag","embeddable":true,"href":"http:\/\/hgona.gob.ec\/index.php\/wp-json\/wp\/v2\/tags?post=7393"}],"curies":[{"name":"wp","href":"https:\/\/api.w.org\/{rel}","templated":true}]}}