{"id":7161,"date":"2024-09-19T17:30:00","date_gmt":"2024-09-19T22:30:00","guid":{"rendered":"http:\/\/hgona.gob.ec\/?p=7161"},"modified":"2026-02-03T10:30:14","modified_gmt":"2026-02-03T15:30:14","slug":"clausura-internado-del-rotativo-de-enfermeria-y-obstetricia","status":"publish","type":"post","link":"http:\/\/hgona.gob.ec\/index.php\/2024\/09\/19\/clausura-internado-del-rotativo-de-enfermeria-y-obstetricia\/","title":{"rendered":"Clausura Internado del Rotativo de Enfermer\u00eda y Obstetricia"},"content":{"rendered":"\n<p>En presencia de nuestras autoridades y de prestigiosas universidades del pa\u00eds, se desarroll\u00f3 la \u201cClausura del Internado del Rotativo de la carrera de Enfermer\u00eda de la Universidad Metropolitana del Ecuador y del Internado Rotativo de Obstetricia de la carrera de obstetricia de la Universidad Central del Ecuador\u201d, de la cohorte septiembre 2023 \u2013 agosto 2024.<br>En una emotiva ceremonia junto a sus familiares, un total de 25 profesionales salud efectu\u00f3 la imposici\u00f3n del mandil y la estola como un s\u00edmbolo de este logro profesional.<br>Grace Mora, representante de internos rotativos de obstetricia mencion\u00f3 \u201ceste ha sido uno de los mejores a\u00f1os de nuestra formaci\u00f3n, y seguramente uno que recordaremos siempre. Por ello, quiero agradecer al Hospital Gineco-Obst\u00e9trico Pedi\u00e1trico de Nueva Aurora Luz Elena Arismendi por abrirnos sus puertas para nuestra ense\u00f1anza. Gracias a todos los doctores que, con paciencia, compartieron con nosotros sus conocimientos y su experiencia profesional. Su aporte ha sido fundamental para nuestra formaci\u00f3n acad\u00e9mica y personal. Gracias por formar profesionales de alta calidad\u201d.<br>Por su parte, Daniela Santamaria, representante de internos rotativos de enfermer\u00eda manifest\u00f3 \u201cagradecemos de coraz\u00f3n a todos los m\u00e9dicos, enfermeras y personal de salud que nos guiaron y apoyaron durante este proceso. Su paciencia y dedicaci\u00f3n nos motivaron a mejorar cada d\u00eda. Tambi\u00e9n quiero expresar mi gratitud a mis compa\u00f1eros, con quienes compart\u00ed este viaje. Juntos enfrentamos momentos dif\u00edciles, pero siempre supimos apoyarnos y mantenernos firmes\u201d.<br>Para la instituci\u00f3n fue un gusto haber aportado en el desarrollo de sus competencias t\u00e9cnicas y te\u00f3ricas, \u00e9xitos en sus labores al servicio de la salud del pa\u00eds!<\/p>\n\n\n\n<h1 class=\"wp-block-heading\"><\/h1>\n\n\n\n<figure class=\"wp-block-gallery has-nested-images columns-default is-cropped wp-block-gallery-1 is-layout-flex\">\n<figure class=\"wp-block-image size-large\"><img decoding=\"async\" loading=\"lazy\" width=\"1024\" height=\"477\" data-id=\"7164\"  src=\"http:\/\/hgona.gob.ec\/wp-content\/uploads\/2024\/09\/WhatsApp-Image-2024-09-18-at-17.01.03-1024x477.jpeg\" alt=\"\" class=\"wp-image-7164\" srcset=\"http:\/\/hgona.gob.ec\/wp-content\/uploads\/2024\/09\/WhatsApp-Image-2024-09-18-at-17.01.03-1024x477.jpeg 1024w, http:\/\/hgona.gob.ec\/wp-content\/uploads\/2024\/09\/WhatsApp-Image-2024-09-18-at-17.01.03-300x140.jpeg 300w, http:\/\/hgona.gob.ec\/wp-content\/uploads\/2024\/09\/WhatsApp-Image-2024-09-18-at-17.01.03-768x358.jpeg 768w, http:\/\/hgona.gob.ec\/wp-content\/uploads\/2024\/09\/WhatsApp-Image-2024-09-18-at-17.01.03-1536x716.jpeg 1536w, http:\/\/hgona.gob.ec\/wp-content\/uploads\/2024\/09\/WhatsApp-Image-2024-09-18-at-17.01.03.jpeg 1600w\" sizes=\"(max-width: 1024px) 100vw, 1024px\" \/><\/figure>\n<\/figure>\n\n\n\n<figure class=\"wp-block-gallery has-nested-images columns-default is-cropped wp-block-gallery-3 is-layout-flex\">\n<figure class=\"wp-block-image size-large\"><img decoding=\"async\" loading=\"lazy\" width=\"1024\" height=\"621\" data-id=\"7165\"  src=\"http:\/\/hgona.gob.ec\/wp-content\/uploads\/2024\/09\/WhatsApp-Image-2024-09-18-at-17.01.02-2-1024x621.jpeg\" alt=\"\" class=\"wp-image-7165\" srcset=\"http:\/\/hgona.gob.ec\/wp-content\/uploads\/2024\/09\/WhatsApp-Image-2024-09-18-at-17.01.02-2-1024x621.jpeg 1024w, http:\/\/hgona.gob.ec\/wp-content\/uploads\/2024\/09\/WhatsApp-Image-2024-09-18-at-17.01.02-2-300x182.jpeg 300w, http:\/\/hgona.gob.ec\/wp-content\/uploads\/2024\/09\/WhatsApp-Image-2024-09-18-at-17.01.02-2-768x466.jpeg 768w, http:\/\/hgona.gob.ec\/wp-content\/uploads\/2024\/09\/WhatsApp-Image-2024-09-18-at-17.01.02-2.jpeg 1284w\" sizes=\"(max-width: 1024px) 100vw, 1024px\" \/><\/figure>\n<\/figure>\n","protected":false},"excerpt":{"rendered":"<p>En presencia de nuestras autoridades y de prestigiosas universidades del pa\u00eds, se desarroll\u00f3 la \u201cClausura del Internado del Rotativo de<\/p>\n","protected":false},"author":1,"featured_media":7163,"comment_status":"closed","ping_status":"open","sticky":false,"template":"","format":"standard","meta":[],"categories":[7,3,2,1],"tags":[],"_links":{"self":[{"href":"http:\/\/hgona.gob.ec\/index.php\/wp-json\/wp\/v2\/posts\/7161"}],"collection":[{"href":"http:\/\/hgona.gob.ec\/index.php\/wp-json\/wp\/v2\/posts"}],"about":[{"href":"http:\/\/hgona.gob.ec\/index.php\/wp-json\/wp\/v2\/types\/post"}],"author":[{"embeddable":true,"href":"http:\/\/hgona.gob.ec\/index.php\/wp-json\/wp\/v2\/users\/1"}],"replies":[{"embeddable":true,"href":"http:\/\/hgona.gob.ec\/index.php\/wp-json\/wp\/v2\/comments?post=7161"}],"version-history":[{"count":2,"href":"http:\/\/hgona.gob.ec\/index.php\/wp-json\/wp\/v2\/posts\/7161\/revisions"}],"predecessor-version":[{"id":7166,"href":"http:\/\/hgona.gob.ec\/index.php\/wp-json\/wp\/v2\/posts\/7161\/revisions\/7166"}],"wp:featuredmedia":[{"embeddable":true,"href":"http:\/\/hgona.gob.ec\/index.php\/wp-json\/wp\/v2\/media\/7163"}],"wp:attachment":[{"href":"http:\/\/hgona.gob.ec\/index.php\/wp-json\/wp\/v2\/media?parent=7161"}],"wp:term":[{"taxonomy":"category","embeddable":true,"href":"http:\/\/hgona.gob.ec\/index.php\/wp-json\/wp\/v2\/categories?post=7161"},{"taxonomy":"post_tag","embeddable":true,"href":"http:\/\/hgona.gob.ec\/index.php\/wp-json\/wp\/v2\/tags?post=7161"}],"curies":[{"name":"wp","href":"https:\/\/api.w.org\/{rel}","templated":true}]}}