{"id":5426,"date":"2022-06-20T18:06:06","date_gmt":"2022-06-20T18:06:06","guid":{"rendered":"http:\/\/hgona.gob.ec\/?p=5426"},"modified":"2026-02-03T10:31:53","modified_gmt":"2026-02-03T15:31:53","slug":"dia-mundial-de-la-tuberculosis","status":"publish","type":"post","link":"http:\/\/hgona.gob.ec\/index.php\/2022\/06\/20\/dia-mundial-de-la-tuberculosis\/","title":{"rendered":"D\u00eda Mundial de la Tuberculosis"},"content":{"rendered":"\n<p>Personal m\u00e9dico del HGONA realiz\u00f3 charlas informativas en conmemoraci\u00f3n del D\u00eda Mundial de la Tuberculosis, sobre s\u00edntomas, prevenci\u00f3n y tratamiento de la tuberculosis. Nuestros pacientes participaron de la actividad con preguntas que fueron atendidas por los especialistas.<\/p>\n\n\n\n<div class=\"wp-block-group is-layout-flow\"><div class=\"wp-block-group__inner-container\">\n<div class=\"wp-block-columns is-layout-flex wp-container-9\">\n<div class=\"wp-block-column is-layout-flow\" style=\"flex-basis:100%\">\n<div class=\"wp-block-group is-layout-flow\"><div class=\"wp-block-group__inner-container\">\n<div class=\"wp-block-columns is-layout-flex wp-container-6\">\n<div class=\"wp-block-column is-layout-flow\" style=\"flex-basis:100%\">\n<div class=\"wp-block-columns is-layout-flex wp-container-4\">\n<div class=\"wp-block-column is-layout-flow\" style=\"flex-basis:100%\">\n<figure class=\"wp-block-gallery columns-2 is-cropped wp-block-gallery-1 is-layout-flex\"><ul class=\"blocks-gallery-grid\"><li class=\"blocks-gallery-item\"><figure><img decoding=\"async\" loading=\"lazy\" width=\"1024\" height=\"682\" src=\"http:\/\/hgona.gob.ec\/wp-content\/uploads\/2022\/06\/FOpDwA8XIAUdkil.jpg\" alt=\"\" data-id=\"5430\" data-full-url=\"http:\/\/hgona.gob.ec\/wp-content\/uploads\/2022\/06\/FOpDwA8XIAUdkil.jpg\" data-link=\"http:\/\/hgona.gob.ec\/?attachment_id=5430\" class=\"wp-image-5430\" srcset=\"http:\/\/hgona.gob.ec\/wp-content\/uploads\/2022\/06\/FOpDwA8XIAUdkil.jpg 1024w, http:\/\/hgona.gob.ec\/wp-content\/uploads\/2022\/06\/FOpDwA8XIAUdkil-300x200.jpg 300w, http:\/\/hgona.gob.ec\/wp-content\/uploads\/2022\/06\/FOpDwA8XIAUdkil-768x512.jpg 768w\" sizes=\"(max-width: 1024px) 100vw, 1024px\" \/><\/figure><\/li><li class=\"blocks-gallery-item\"><figure><img decoding=\"async\" loading=\"lazy\" width=\"1024\" height=\"682\" src=\"http:\/\/hgona.gob.ec\/wp-content\/uploads\/2022\/06\/FOpDv-3WYAkLBkG.jpg\" alt=\"\" data-id=\"5427\" data-full-url=\"http:\/\/hgona.gob.ec\/wp-content\/uploads\/2022\/06\/FOpDv-3WYAkLBkG.jpg\" data-link=\"http:\/\/hgona.gob.ec\/?attachment_id=5427\" class=\"wp-image-5427\" srcset=\"http:\/\/hgona.gob.ec\/wp-content\/uploads\/2022\/06\/FOpDv-3WYAkLBkG.jpg 1024w, http:\/\/hgona.gob.ec\/wp-content\/uploads\/2022\/06\/FOpDv-3WYAkLBkG-300x200.jpg 300w, http:\/\/hgona.gob.ec\/wp-content\/uploads\/2022\/06\/FOpDv-3WYAkLBkG-768x512.jpg 768w\" sizes=\"(max-width: 1024px) 100vw, 1024px\" \/><\/figure><\/li><\/ul><\/figure>\n<\/div>\n<\/div>\n<\/div>\n<\/div>\n<\/div><\/div>\n<\/div>\n<\/div>\n<\/div><\/div>\n","protected":false},"excerpt":{"rendered":"<p>Personal m\u00e9dico del HGONA realiz\u00f3 charlas informativas en conmemoraci\u00f3n del D\u00eda Mundial de la Tuberculosis, sobre s\u00edntomas, prevenci\u00f3n y tratamiento<\/p>\n","protected":false},"author":3,"featured_media":5429,"comment_status":"closed","ping_status":"open","sticky":false,"template":"","format":"standard","meta":[],"categories":[7,3,2],"tags":[],"_links":{"self":[{"href":"http:\/\/hgona.gob.ec\/index.php\/wp-json\/wp\/v2\/posts\/5426"}],"collection":[{"href":"http:\/\/hgona.gob.ec\/index.php\/wp-json\/wp\/v2\/posts"}],"about":[{"href":"http:\/\/hgona.gob.ec\/index.php\/wp-json\/wp\/v2\/types\/post"}],"author":[{"embeddable":true,"href":"http:\/\/hgona.gob.ec\/index.php\/wp-json\/wp\/v2\/users\/3"}],"replies":[{"embeddable":true,"href":"http:\/\/hgona.gob.ec\/index.php\/wp-json\/wp\/v2\/comments?post=5426"}],"version-history":[{"count":3,"href":"http:\/\/hgona.gob.ec\/index.php\/wp-json\/wp\/v2\/posts\/5426\/revisions"}],"predecessor-version":[{"id":5433,"href":"http:\/\/hgona.gob.ec\/index.php\/wp-json\/wp\/v2\/posts\/5426\/revisions\/5433"}],"wp:featuredmedia":[{"embeddable":true,"href":"http:\/\/hgona.gob.ec\/index.php\/wp-json\/wp\/v2\/media\/5429"}],"wp:attachment":[{"href":"http:\/\/hgona.gob.ec\/index.php\/wp-json\/wp\/v2\/media?parent=5426"}],"wp:term":[{"taxonomy":"category","embeddable":true,"href":"http:\/\/hgona.gob.ec\/index.php\/wp-json\/wp\/v2\/categories?post=5426"},{"taxonomy":"post_tag","embeddable":true,"href":"http:\/\/hgona.gob.ec\/index.php\/wp-json\/wp\/v2\/tags?post=5426"}],"curies":[{"name":"wp","href":"https:\/\/api.w.org\/{rel}","templated":true}]}}